{"id":617,"date":"2020-03-08T11:38:17","date_gmt":"2020-03-08T11:38:17","guid":{"rendered":"https:\/\/fbmusic.nl\/?p=617"},"modified":"2020-03-15T16:29:31","modified_gmt":"2020-03-15T16:29:31","slug":"1ste-duitstalige-compositie","status":"publish","type":"post","link":"https:\/\/fbmusic.nl\/de\/1ste-duitstalige-compositie\/","title":{"rendered":"1ste Duitstalige compositie"},"content":{"rendered":"<p>[et_pb_section fb_built=&#8221;1&#8243; _builder_version=&#8221;3.12.2&#8243;][et_pb_row _builder_version=&#8221;3.12.2&#8243;][et_pb_column type=&#8221;1_2&#8243; _builder_version=&#8221;3.12.2&#8243; parallax=&#8221;off&#8221; parallax_method=&#8221;on&#8221;][et_pb_image src=&#8221;https:\/\/fbmusic.nl\/wp-content\/uploads\/2020\/03\/Schermafbeelding-2020-03-08-om-12.39.53.png&#8221; _builder_version=&#8221;3.12.2&#8243;][\/et_pb_image][\/et_pb_column][et_pb_column type=&#8221;1_2&#8243; _builder_version=&#8221;3.12.2&#8243; parallax=&#8221;off&#8221; parallax_method=&#8221;on&#8221;][et_pb_text _builder_version=&#8221;3.12.2&#8243;]<\/p>\n<p>13 maart 2020 komt officieel mijn 1e duitstalige compositie uitgebracht in Oostenrijk uit. De steeds populairdere artieste SUSAL zal op het 1e nieuwe solo album ook het liedje Sch\u00f6n, Sch\u00f6n, Sch\u00f6n zingen dat ik voor haar gecomponeerd heb.<br \/> Het is een mooie produktie geworden, waar ik zeer trots op ben.<\/p>\n<p>&nbsp;<\/p>\n<p>[\/et_pb_text][et_pb_image src=&#8221;https:\/\/fbmusic.nl\/wp-content\/uploads\/2020\/03\/cdcover-SUSAL.jpg&#8221; _builder_version=&#8221;3.12.2&#8243;][\/et_pb_image][\/et_pb_column][\/et_pb_row][\/et_pb_section]<\/p>","protected":false},"excerpt":{"rendered":"<p>[et_pb_section fb_built=&#8221;1&#8243; _builder_version=&#8221;3.12.2&#8243;][et_pb_row _builder_version=&#8221;3.12.2&#8243;][et_pb_column type=&#8221;1_2&#8243; _builder_version=&#8221;3.12.2&#8243; parallax=&#8221;off&#8221; parallax_method=&#8221;on&#8221;][et_pb_image src=&#8221;https:\/\/fbmusic.nl\/wp-content\/uploads\/2020\/03\/Schermafbeelding-2020-03-08-om-12.39.53.png&#8221; _builder_version=&#8221;3.12.2&#8243;][\/et_pb_image][\/et_pb_column][et_pb_column type=&#8221;1_2&#8243; _builder_version=&#8221;3.12.2&#8243; parallax=&#8221;off&#8221; parallax_method=&#8221;on&#8221;][et_pb_text _builder_version=&#8221;3.12.2&#8243;] 13 maart 2020 komt officieel mijn 1e duitstalige compositie uitgebracht in Oostenrijk uit. De steeds populairdere artieste SUSAL zal op het 1e nieuwe solo album ook het liedje Sch\u00f6n, Sch\u00f6n, Sch\u00f6n zingen dat ik voor haar gecomponeerd heb. Het is [&hellip;]<\/p>","protected":false},"author":1,"featured_media":621,"comment_status":"closed","ping_status":"closed","sticky":false,"template":"","format":"standard","meta":{"_et_pb_use_builder":"on","_et_pb_old_content":"","_et_gb_content_width":""},"categories":[7],"tags":[],"_links":{"self":[{"href":"https:\/\/fbmusic.nl\/de\/wp-json\/wp\/v2\/posts\/617"}],"collection":[{"href":"https:\/\/fbmusic.nl\/de\/wp-json\/wp\/v2\/posts"}],"about":[{"href":"https:\/\/fbmusic.nl\/de\/wp-json\/wp\/v2\/types\/post"}],"author":[{"embeddable":true,"href":"https:\/\/fbmusic.nl\/de\/wp-json\/wp\/v2\/users\/1"}],"replies":[{"embeddable":true,"href":"https:\/\/fbmusic.nl\/de\/wp-json\/wp\/v2\/comments?post=617"}],"version-history":[{"count":9,"href":"https:\/\/fbmusic.nl\/de\/wp-json\/wp\/v2\/posts\/617\/revisions"}],"predecessor-version":[{"id":689,"href":"https:\/\/fbmusic.nl\/de\/wp-json\/wp\/v2\/posts\/617\/revisions\/689"}],"wp:featuredmedia":[{"embeddable":true,"href":"https:\/\/fbmusic.nl\/de\/wp-json\/wp\/v2\/media\/621"}],"wp:attachment":[{"href":"https:\/\/fbmusic.nl\/de\/wp-json\/wp\/v2\/media?parent=617"}],"wp:term":[{"taxonomy":"category","embeddable":true,"href":"https:\/\/fbmusic.nl\/de\/wp-json\/wp\/v2\/categories?post=617"},{"taxonomy":"post_tag","embeddable":true,"href":"https:\/\/fbmusic.nl\/de\/wp-json\/wp\/v2\/tags?post=617"}],"curies":[{"name":"wp","href":"https:\/\/api.w.org\/{rel}","templated":true}]}}