{"id":711,"date":"2020-04-20T15:20:08","date_gmt":"2020-04-20T15:20:08","guid":{"rendered":"https:\/\/fbmusic.nl\/?p=711"},"modified":"2020-04-20T16:08:41","modified_gmt":"2020-04-20T16:08:41","slug":"schon-schon-schon","status":"publish","type":"post","link":"https:\/\/fbmusic.nl\/de\/schon-schon-schon\/","title":{"rendered":"Sch\u00f6n, sch\u00f6n, sch\u00f6n"},"content":{"rendered":"<p>[et_pb_section fb_built=&#8221;1&#8243; _builder_version=&#8221;3.12.2&#8243;][et_pb_row _builder_version=&#8221;3.12.2&#8243;][et_pb_column type=&#8221;1_2&#8243; _builder_version=&#8221;3.12.2&#8243; parallax=&#8221;off&#8221; parallax_method=&#8221;on&#8221;][et_pb_image src=&#8221;https:\/\/fbmusic.nl\/wp-content\/uploads\/2020\/04\/Schermafbeelding-2020-04-20-om-17.22.03.png&#8221; _builder_version=&#8221;3.12.2&#8243;][\/et_pb_image][\/et_pb_column][et_pb_column type=&#8221;1_2&#8243; _builder_version=&#8221;3.12.2&#8243; parallax=&#8221;off&#8221; parallax_method=&#8221;on&#8221;][et_pb_text _builder_version=&#8221;3.12.2&#8243;]<\/p>\n<p>Sch\u00f6n Sch\u00f6n Sch\u00f6n is 1 van de tracks van het nieuwe album van SUSAL, Die PartyHexe uit Oostenrijk.<\/p>\n<p>SUSAL, een Oostenrijkse die \u201cStimmung\u201d in die tent brengt.<\/p>\n<p>Sch\u00f6n Sch\u00f6n Sch\u00f6n is een compositie van Frank Bemelmans, die nu ook in Oostenrijk zijn visitekaartje afgeeft.<\/p>\n<p>Sch\u00f6n Sch\u00f6n Sch\u00f6n, een aanstekelijke walzer die snel blijft hangen en als slot overgaat in een Partystimmung.<\/p>\n<p>Het album is vanaf vrijdag 13 maart 2020 verkrijgbaar in de winkels.<\/p>\n<p>Viel Spass mit dieses Lied !<\/p>\n<p>Titel\u00a0\u00a0\u00a0\u00a0\u00a0\u00a0 \u00a0\u00a0\u00a0\u00a0\u00a0\u00a0\u00a0\u00a0\u00a0\u00a0\u00a0\u00a0\u00a0\u00a0\u00a0\u00a0\u00a0\u00a0\u00a0 : Sch\u00f6n Sch\u00f6n Sch\u00f6n<\/p>\n<p>Artiest\u00a0\u00a0\u00a0 \u00a0\u00a0\u00a0\u00a0\u00a0\u00a0\u00a0\u00a0\u00a0\u00a0\u00a0\u00a0\u00a0\u00a0\u00a0\u00a0\u00a0\u00a0 : SUSAL<\/p>\n<p>Componist\u00a0\u00a0\u00a0\u00a0\u00a0\u00a0\u00a0\u00a0\u00a0\u00a0\u00a0\u00a0\u00a0 : Frank Bemelmans<\/p>\n<p>Songtekst\u00a0\u00a0\u00a0\u00a0\u00a0\u00a0\u00a0\u00a0\u00a0\u00a0\u00a0\u00a0\u00a0\u00a0 : Sonja Selbach<\/p>\n<p>Produktie\u00a0\u00a0\u00a0\u00a0\u00a0\u00a0\u00a0\u00a0\u00a0\u00a0\u00a0\u00a0\u00a0\u00a0\u00a0 : Hofbauer Music<\/p>\n<p>&nbsp;<\/p>\n<p>Website SUSAL\u00a0\u00a0\u00a0\u00a0 : <a href=\"https:\/\/susal.eu\/\">https:\/\/susal.eu\/<\/a><\/p>\n<p>Website FB Music : <a href=\"https:\/\/fbmusic.nl\/de\/\">www.fbmusic.nl<\/a><\/p>\n<p><span><\/span><\/p>\n<p><span><\/span><\/p>\n<p><span>Am 13. M\u00e4rz 2020 erschien das von SUSAL gesungene Lied \u201eSch\u00f6n Sch\u00f6n Sch\u00f6n\u201c, komponiert von Frank Bemelmans.<\/span><\/p>\n<p><span>Dies war ein weiteres Highlight f\u00fcr Frank, um eine Komposition f\u00fcr einen ausl\u00e4ndischen K\u00fcnstler bereitzustellen.<\/span><\/p>\n<p>[\/et_pb_text][\/et_pb_column][\/et_pb_row][\/et_pb_section]<\/p>","protected":false},"excerpt":{"rendered":"<p>[et_pb_section fb_built=&#8221;1&#8243; _builder_version=&#8221;3.12.2&#8243;][et_pb_row _builder_version=&#8221;3.12.2&#8243;][et_pb_column type=&#8221;1_2&#8243; _builder_version=&#8221;3.12.2&#8243; parallax=&#8221;off&#8221; parallax_method=&#8221;on&#8221;][et_pb_image src=&#8221;https:\/\/fbmusic.nl\/wp-content\/uploads\/2020\/04\/Schermafbeelding-2020-04-20-om-17.22.03.png&#8221; _builder_version=&#8221;3.12.2&#8243;][\/et_pb_image][\/et_pb_column][et_pb_column type=&#8221;1_2&#8243; _builder_version=&#8221;3.12.2&#8243; parallax=&#8221;off&#8221; parallax_method=&#8221;on&#8221;][et_pb_text _builder_version=&#8221;3.12.2&#8243;] Sch\u00f6n Sch\u00f6n Sch\u00f6n is 1 van de tracks van het nieuwe album van SUSAL, Die PartyHexe uit Oostenrijk. SUSAL, een Oostenrijkse die \u201cStimmung\u201d in die tent brengt. Sch\u00f6n Sch\u00f6n Sch\u00f6n is een compositie van Frank Bemelmans, die nu ook in [&hellip;]<\/p>","protected":false},"author":1,"featured_media":717,"comment_status":"open","ping_status":"closed","sticky":false,"template":"","format":"standard","meta":{"_et_pb_use_builder":"on","_et_pb_old_content":"","_et_gb_content_width":""},"categories":[7],"tags":[],"_links":{"self":[{"href":"https:\/\/fbmusic.nl\/de\/wp-json\/wp\/v2\/posts\/711"}],"collection":[{"href":"https:\/\/fbmusic.nl\/de\/wp-json\/wp\/v2\/posts"}],"about":[{"href":"https:\/\/fbmusic.nl\/de\/wp-json\/wp\/v2\/types\/post"}],"author":[{"embeddable":true,"href":"https:\/\/fbmusic.nl\/de\/wp-json\/wp\/v2\/users\/1"}],"replies":[{"embeddable":true,"href":"https:\/\/fbmusic.nl\/de\/wp-json\/wp\/v2\/comments?post=711"}],"version-history":[{"count":6,"href":"https:\/\/fbmusic.nl\/de\/wp-json\/wp\/v2\/posts\/711\/revisions"}],"predecessor-version":[{"id":725,"href":"https:\/\/fbmusic.nl\/de\/wp-json\/wp\/v2\/posts\/711\/revisions\/725"}],"wp:featuredmedia":[{"embeddable":true,"href":"https:\/\/fbmusic.nl\/de\/wp-json\/wp\/v2\/media\/717"}],"wp:attachment":[{"href":"https:\/\/fbmusic.nl\/de\/wp-json\/wp\/v2\/media?parent=711"}],"wp:term":[{"taxonomy":"category","embeddable":true,"href":"https:\/\/fbmusic.nl\/de\/wp-json\/wp\/v2\/categories?post=711"},{"taxonomy":"post_tag","embeddable":true,"href":"https:\/\/fbmusic.nl\/de\/wp-json\/wp\/v2\/tags?post=711"}],"curies":[{"name":"wp","href":"https:\/\/api.w.org\/{rel}","templated":true}]}}